{"id":56460,"date":"2026-04-27T16:52:12","date_gmt":"2026-04-27T20:52:12","guid":{"rendered":"https:\/\/www.cinemapolitica.org\/for-the-love-of-labour\/"},"modified":"2026-04-27T16:52:13","modified_gmt":"2026-04-27T20:52:13","slug":"for-the-love-of-labour","status":"publish","type":"post","link":"https:\/\/www.cinemapolitica.org\/fr\/for-the-love-of-labour\/","title":{"rendered":"For the Love of Labour!"},"content":{"rendered":"\n<p>Alors que les forces fascistes montent en puissance \u00e0 travers le monde et s\u2019efforcent d\u2019\u00e9craser la classe ouvri\u00e8re et ses initiatives syndicales, nous vous invitons \u00e0 c\u00e9l\u00e9brer la Journ\u00e9e internationale des travailleurs en rendant hommage aux d\u00e9fenseurs des droits des travailleurs. Pour marquer l\u2019occasion, nous avons concoct\u00e9 une s\u00e9lection de quatre documentaires incontournables sur le monde du travail. Cette s\u00e9lection pr\u00e9sente quatre exemples vari\u00e9s et internationaux d\u2019activisme ouvrier : une gr\u00e8ve sauvage intr\u00e9pide men\u00e9e par des mineurs sud-africains (MINERS SHOT DOWN), les efforts de d\u00e9fense in\u00e9branlables d\u2019une travailleuse du sexe australienne (SCARLET ROAD), les efforts d\u2019organisation des ouvriers du b\u00e2timent britanniques contre la r\u00e9pression polici\u00e8re (SOLIDARITY), et la cr\u00e9ation d\u2019un syndicat par des travailleurs migrants sans papiers \u00e0 New York (THE HAND THAT FEEDS).<br\/>  <\/p>\n\n<div style=\"height:94px\" aria-hidden=\"true\" class=\"wp-block-spacer\"><\/div>\n\n<div class=\"wp-block-buttons is-content-justification-center is-layout-flex wp-container-core-buttons-is-layout-a89b3969 wp-block-buttons-is-layout-flex\">\n<div class=\"wp-block-button is-style-outline is-style-outline--1\"><a class=\"wp-block-button__link has-medium-font-size has-custom-font-size wp-element-button\" href=\"https:\/\/cinemapolitica.vhx.tv\/for-the-love-of-labour-international-workers-day-2026\" style=\"border-radius:0px\" target=\"_blank\" rel=\"noreferrer noopener\">VOIR LA COLLECTION<\/a><\/div>\n<\/div>\n\n<div style=\"height:94px\" aria-hidden=\"true\" class=\"wp-block-spacer\"><\/div>\n\n<h2 class=\"wp-block-heading\"><a href=\"https:\/\/www.cinemapolitica.org\/fr\/film\/solidarity-3-fr\/\"><strong>Solidarity<\/strong><\/a><\/h2>\n\n<div style=\"height:14px\" aria-hidden=\"true\" class=\"wp-block-spacer\"><\/div>\n\n<figure class=\"wp-block-embed is-type-video is-provider-youtube wp-block-embed-youtube wp-embed-aspect-16-9 wp-has-aspect-ratio\"><div class=\"wp-block-embed__wrapper\">\n<iframe title=\"Solidarity Trailer - Open City Documentary Festival\" width=\"800\" height=\"450\" src=\"https:\/\/www.youtube.com\/embed\/qWjeBlw8VnE?feature=oembed\" frameborder=\"0\" allow=\"accelerometer; autoplay; clipboard-write; encrypted-media; gyroscope; picture-in-picture; web-share\" referrerpolicy=\"strict-origin-when-cross-origin\" allowfullscreen><\/iframe>\n<\/div><\/figure>\n\n<p>SOLIDARITY raconte l&rsquo;histoire de militants qui sont surveill\u00e9s, syst\u00e9matiquement priv\u00e9s de travail et amen\u00e9s par la ruse \u00e0 nouer des relations intimes avec des policiers infiltr\u00e9s \u2013 une communaut\u00e9 qui se mobilise pour trouver le chemin de la justice.<\/p>\n\n<p>Au Royaume-Uni, la pratique consistant \u00e0 mettre des travailleurs sur liste noire dans le secteur du b\u00e2timent a touch\u00e9 des milliers de personnes qui, pour avoir os\u00e9 s&rsquo;exprimer, ont \u00e9t\u00e9 qualifi\u00e9es de \u00ab fauteurs de troubles \u00bb et se sont vu refuser un emploi en toute discr\u00e9tion. Des militants ont mis au jour des liens alarmants entre l&rsquo;\u00e9tablissement de listes noires sur le lieu de travail et l&rsquo;infiltration de la police. Solidarity suit attentivement les rencontres entre militants et \u00e9tudiants en droit, r\u00e9unis pour le film, r\u00e9v\u00e9lant la d\u00e9termination d&rsquo;une communaut\u00e9 qui travaille ensemble pour trouver une voie vers la justice.<\/p>\n\n<p>Premier long m\u00e9trage de l&rsquo;artiste Lucy Parker, il a \u00e9t\u00e9 r\u00e9alis\u00e9 en collaboration avec des membres du Blacklist Support Group, des participants \u00e0 l&rsquo;Undercover Policing Inquiry et des membres d&rsquo;autres groupes de campagne, et met en sc\u00e8ne ces derniers.<\/p>\n\n<div style=\"height:30px\" aria-hidden=\"true\" class=\"wp-block-spacer\"><\/div>\n\n<div class=\"wp-block-buttons is-content-justification-left is-layout-flex wp-container-core-buttons-is-layout-fc4fd283 wp-block-buttons-is-layout-flex\">\n<div class=\"wp-block-button is-style-outline is-style-outline--2\"><a class=\"wp-block-button__link has-medium-font-size has-custom-font-size wp-element-button\" href=\"https:\/\/cinemapolitica.vhx.tv\/products\/solidarity\" style=\"border-radius:0px\" target=\"_blank\" rel=\"noreferrer noopener\">REGARDER MAINTENANT<\/a><\/div>\n<\/div>\n\n<div style=\"height:94px\" aria-hidden=\"true\" class=\"wp-block-spacer\"><\/div>\n\n<h2 class=\"wp-block-heading\"><a href=\"https:\/\/www.cinemapolitica.org\/fr\/film\/miners-shot-down\/\">Miners Shot Down<\/a><\/h2>\n\n<div style=\"height:14px\" aria-hidden=\"true\" class=\"wp-block-spacer\"><\/div>\n\n<figure class=\"wp-block-embed is-type-video is-provider-youtube wp-block-embed-youtube wp-embed-aspect-16-9 wp-has-aspect-ratio\"><div class=\"wp-block-embed__wrapper\">\n<iframe title=\"Miners Shot Down - Cinema Trailer\" width=\"800\" height=\"450\" src=\"https:\/\/www.youtube.com\/embed\/9N3hiA_rjaY?feature=oembed\" frameborder=\"0\" allow=\"accelerometer; autoplay; clipboard-write; encrypted-media; gyroscope; picture-in-picture; web-share\" referrerpolicy=\"strict-origin-when-cross-origin\" allowfullscreen><\/iframe>\n<\/div><\/figure>\n\n<p>En ao\u00fbt 2012, les mineurs de l\u2019une des plus grandes mines de platine d\u2019Afrique du Sud ont entam\u00e9 une gr\u00e8ve sauvage pour r\u00e9clamer de meilleurs salaires. Six jours plus tard, la police a utilis\u00e9 des balles r\u00e9elles pour r\u00e9primer brutalement la gr\u00e8ve, tuant 34 personnes et en blessant beaucoup d&rsquo;autres. Adoptant le point de vue des mineurs de Marikana, MINERS SHOT DOWN suit la gr\u00e8ve d\u00e8s le premier jour, montrant le combat courageux mais isol\u00e9 men\u00e9 par un groupe de travailleurs mal pay\u00e9s contre les forces combin\u00e9es de la soci\u00e9t\u00e9 mini\u00e8re Lonmin, du gouvernement de l&rsquo;ANC et de leurs alli\u00e9s au sein du Syndicat national des mineurs. Il en ressort une collusion au sommet, une spirale de violence et le premier massacre post-apartheid du pays. L&rsquo;Afrique du Sud ne sera plus jamais la m\u00eame.    <\/p>\n\n<div style=\"height:30px\" aria-hidden=\"true\" class=\"wp-block-spacer\"><\/div>\n\n<div class=\"wp-block-buttons is-content-justification-left is-layout-flex wp-container-core-buttons-is-layout-fc4fd283 wp-block-buttons-is-layout-flex\">\n<div class=\"wp-block-button is-style-outline is-style-outline--3\"><a class=\"wp-block-button__link has-medium-font-size has-custom-font-size wp-element-button\" href=\"https:\/\/cinemapolitica.vhx.tv\/products\/miners-shot-down\" style=\"border-radius:0px\" target=\"_blank\" rel=\"noreferrer noopener\">REGARDER MAINTENANT<\/a><\/div>\n<\/div>\n\n<div style=\"height:94px\" aria-hidden=\"true\" class=\"wp-block-spacer\"><\/div>\n\n<h2 class=\"wp-block-heading\"><a href=\"https:\/\/www.cinemapolitica.org\/film\/scarlet-road\/\">Scarlet Road<\/a><\/h2>\n\n<figure class=\"wp-block-embed is-type-video is-provider-youtube wp-block-embed-youtube wp-embed-aspect-16-9 wp-has-aspect-ratio\"><div class=\"wp-block-embed__wrapper\">\n<iframe title=\"Scarlet Road TRAILER (1.40)\" width=\"800\" height=\"450\" src=\"https:\/\/www.youtube.com\/embed\/WB2Zmx3ui-I?feature=oembed\" frameborder=\"0\" allow=\"accelerometer; autoplay; clipboard-write; encrypted-media; gyroscope; picture-in-picture; web-share\" referrerpolicy=\"strict-origin-when-cross-origin\" allowfullscreen><\/iframe>\n<\/div><\/figure>\n\n<p>Passionn\u00e9e par la libert\u00e9 d&rsquo;expression sexuelle, Rachel Wotton, travailleuse du sexe australienne, s&rsquo;est sp\u00e9cialis\u00e9e dans une client\u00e8le longtemps n\u00e9glig\u00e9e : les personnes en situation de handicap. Exer\u00e7ant en Nouvelle-Galles du Sud, o\u00f9 la prostitution est l\u00e9gale, Rachel part du principe que le contact humain et l&rsquo;intimit\u00e9 sexuelle peuvent constituer les aspects les plus th\u00e9rapeutiques de notre existence.  <\/p>\n\n<p>En effet, elle a un impact consid\u00e9rable sur la vie de ses clients, dont beaucoup sont en fauteuil roulant ou ne peuvent ni parler ni se d\u00e9placer sans aide. Gr\u00e2ce \u00e0 ses \u00e9tudes sup\u00e9rieures et \u00e0 son association \u00e0 but non lucratif Touching Base, Rachel d\u00e9fend les droits des travailleurs du sexe tout en sensibilisant le public et en favorisant l&rsquo;acc\u00e8s \u00e0 l&rsquo;expression sexuelle pour les personnes handicap\u00e9es par le biais du travail du sexe \u2014 et elle rassemble ainsi ces deux groupes souvent marginalis\u00e9s.  <\/p>\n\n<p>Nous la suivons alors qu\u2019elle anime des ateliers sur le sexe et le handicap, qu\u2019elle intervient au Congr\u00e8s mondial sur la sant\u00e9 sexuelle pour parler de sa mission, et que nous observons ses nuit\u00e9es aupr\u00e8s de clients gravement handicap\u00e9s qui s\u2019\u00e9panouissent sous son attention \u2014 un homme ayant m\u00eame retrouv\u00e9 des mouvements et des sensations perdus gr\u00e2ce au temps pass\u00e9 avec elle. Rachel s\u2019est donn\u00e9 pour mission de mettre fin \u00e0 la stigmatisation qui p\u00e8se sur ces populations ; la profondeur, l\u2019humour et la passion qui se d\u00e9gagent de ce documentaire positif et proactif transformeront \u00e0 jamais notre regard sur les travailleurs du sexe et les personnes handicap\u00e9es. <\/p>\n\n<div style=\"height:30px\" aria-hidden=\"true\" class=\"wp-block-spacer\"><\/div>\n\n<div class=\"wp-block-buttons is-content-justification-left is-layout-flex wp-container-core-buttons-is-layout-fc4fd283 wp-block-buttons-is-layout-flex\">\n<div class=\"wp-block-button is-style-outline is-style-outline--4\"><a class=\"wp-block-button__link has-medium-font-size has-custom-font-size wp-element-button\" href=\"https:https:\/\/cinemapolitica.vhx.tv\/products\/scarlet-road\" style=\"border-radius:0px\" target=\"_blank\" rel=\"noreferrer noopener\">REGARDER MAINTENANT<\/a><\/div>\n<\/div>\n\n<div style=\"height:94px\" aria-hidden=\"true\" class=\"wp-block-spacer\"><\/div>\n\n<h2 class=\"wp-block-heading\"><a href=\"https:\/\/www.cinemapolitica.org\/fr\/film\/solidarity-3-fr\/\"><strong>The Hand That Feeds  <\/strong><\/a><\/h2>\n\n<figure class=\"wp-block-embed is-type-video is-provider-youtube wp-block-embed-youtube wp-embed-aspect-16-9 wp-has-aspect-ratio\"><div class=\"wp-block-embed__wrapper\">\n<iframe title=\"The Hand That Feeds | Trailer | America ReFramed\" width=\"800\" height=\"450\" src=\"https:\/\/www.youtube.com\/embed\/DP3Y9pt-sRo?feature=oembed\" frameborder=\"0\" allow=\"accelerometer; autoplay; clipboard-write; encrypted-media; gyroscope; picture-in-picture; web-share\" referrerpolicy=\"strict-origin-when-cross-origin\" allowfullscreen><\/iframe>\n<\/div><\/figure>\n\n<p>Dans une boulangerie-caf\u00e9 tr\u00e8s pris\u00e9e, les habitants de l\u2019Upper East Side \u00e0 New York peuvent se procurer des bagels et du caf\u00e9 servis avec le sourire 24 heures sur 24. Mais dans les coulisses, les travailleurs immigr\u00e9s sans papiers sont confront\u00e9s \u00e0 des salaires inf\u00e9rieurs au minimum l\u00e9gal, \u00e0 des machines dangereuses et \u00e0 des responsables abusifs qui n\u2019h\u00e9sitent pas \u00e0 les licencier s\u2019ils se font porter malades. Mahoma L\u00f3pez, un pr\u00e9parateur de sandwichs d\u2019un naturel doux, ne s\u2019est jamais int\u00e9ress\u00e9 \u00e0 la politique, mais en janvier 2012, il convainc un petit groupe de ses coll\u00e8gues de se battre.   <\/p>\n\n<p>Au risque d&rsquo;\u00eatre expuls\u00e9s et de perdre leur gagne-pain, les travailleurs s&rsquo;associent \u00e0 une \u00e9quipe h\u00e9t\u00e9roclite de jeunes militants innovants et prennent la d\u00e9cision inhabituelle de cr\u00e9er leur propre syndicat ind\u00e9pendant, s&rsquo;engageant ainsi dans une aventure qui mettra leur d\u00e9termination \u00e0 rude \u00e9preuve. Au cours d\u2019une ann\u00e9e riche en rebondissements, ils doivent surmonter une trahison choquante et un lock-out de deux mois. Les avocats s\u2019affronteront dans les coulisses, les manifestants d\u2019Occupy Wall Street prendront d\u2019assaut le restaurant, et un piquet de gr\u00e8ve divisera le quartier. S\u2019ils parviennent \u00e0 obtenir une convention collective, cela cr\u00e9era un pr\u00e9c\u00e9dent historique pour les travailleurs \u00e0 bas salaire \u00e0 travers tout le pays. Mais quoi qu\u2019il arrive, Mahoma et ses coll\u00e8gues ne seront plus jamais exploit\u00e9s.    <\/p>\n\n<div style=\"height:30px\" aria-hidden=\"true\" class=\"wp-block-spacer\"><\/div>\n\n<div class=\"wp-block-buttons is-content-justification-left is-layout-flex wp-container-core-buttons-is-layout-fc4fd283 wp-block-buttons-is-layout-flex\">\n<div class=\"wp-block-button is-style-outline is-style-outline--5\"><a class=\"wp-block-button__link has-medium-font-size has-custom-font-size wp-element-button\" href=\"https:\/\/www.cinemapolitica.org\/fr\/film\/the-hand-that-feeds\/\" style=\"border-radius:0px\" target=\"_blank\" rel=\"noreferrer noopener\">REGARDER MAINTENANT<\/a><\/div>\n<\/div>\n\n<p><\/p>\n","protected":false},"excerpt":{"rendered":"<p>Alors que les forces fascistes montent en puissance \u00e0 travers le monde et s&rsquo;efforcent d&rsquo;\u00e9craser la classe ouvri\u00e8re et ses initiatives syndicales, nous vous invitons \u00e0 c\u00e9l\u00e9brer la Journ\u00e9e internationale des travailleurs en rendant hommage au travail des d\u00e9fenseurs des droits des travailleurs. <\/p>\n","protected":false},"author":368,"featured_media":56459,"comment_status":"closed","ping_status":"closed","sticky":false,"template":"","format":"standard","meta":{"_acf_changed":false,"_oasis_is_in_workflow":0,"_oasis_original":0,"ep_exclude_from_search":false,"footnotes":""},"categories":[2131,2099,1574,1586,1604,1575],"tags":[1756,2230,2138],"class_list":["post-56460","post","type-post","status-publish","format-standard","has-post-thumbnail","hentry","category-actualites","category-annonces","category-annonces-du-reseau","category-evenements-speciaux","category-programmation","category-sur-demande","tag-cinema-politica-fr","tag-nouvelles-publications","tag-vod-fr"],"acf":[],"yoast_head":"<!-- This site is optimized with the Yoast SEO plugin v27.1.1 - https:\/\/yoast.com\/product\/yoast-seo-wordpress\/ -->\n<title>For the Love of Labour! - Cinema Politica<\/title>\n<meta name=\"description\" content=\"Alors que les forces fascistes montent en puissance \u00e0 travers le monde et s&#039;efforcent d&#039;\u00e9craser la classe ouvri\u00e8re et ses initiatives syndicales, nous vous invitons \u00e0 c\u00e9l\u00e9brer la Journ\u00e9e internationale des travailleurs en rendant hommage au travail des d\u00e9fenseurs des droits des travailleurs. Pour marquer l&#039;occasion, nous avons concoct\u00e9 une s\u00e9lection de quatre documentaires incontournables sur le monde du travail.\" \/>\n<meta name=\"robots\" content=\"index, follow, max-snippet:-1, max-image-preview:large, max-video-preview:-1\" \/>\n<link rel=\"canonical\" href=\"https:\/\/www.cinemapolitica.org\/fr\/for-the-love-of-labour\/\" \/>\n<meta property=\"og:locale\" content=\"fr_CA\" \/>\n<meta property=\"og:type\" content=\"article\" \/>\n<meta property=\"og:title\" content=\"For the Love of Labour! - Cinema Politica\" \/>\n<meta property=\"og:description\" content=\"Alors que les forces fascistes montent en puissance \u00e0 travers le monde et s&#039;efforcent d&#039;\u00e9craser la classe ouvri\u00e8re et ses initiatives syndicales, nous vous invitons \u00e0 c\u00e9l\u00e9brer la Journ\u00e9e internationale des travailleurs en rendant hommage au travail des d\u00e9fenseurs des droits des travailleurs. Pour marquer l&#039;occasion, nous avons concoct\u00e9 une s\u00e9lection de quatre documentaires incontournables sur le monde du travail.\" \/>\n<meta property=\"og:url\" content=\"https:\/\/www.cinemapolitica.org\/fr\/for-the-love-of-labour\/\" \/>\n<meta property=\"og:site_name\" content=\"Cinema Politica\" \/>\n<meta property=\"article:publisher\" content=\"https:\/\/www.facebook.com\/cinemapolitica\" \/>\n<meta property=\"article:published_time\" content=\"2026-04-27T20:52:12+00:00\" \/>\n<meta property=\"article:modified_time\" content=\"2026-04-27T20:52:13+00:00\" \/>\n<meta property=\"og:image\" content=\"https:\/\/www.cinemapolitica.org\/wp-content\/uploads\/2026\/04\/THTF_still8_credit.Jed_.Brandt_300-1.jpg\" \/>\n\t<meta property=\"og:image:width\" content=\"1638\" \/>\n\t<meta property=\"og:image:height\" content=\"1080\" \/>\n\t<meta property=\"og:image:type\" content=\"image\/jpeg\" \/>\n<meta name=\"author\" content=\"Cinema Politica Network\" \/>\n<meta name=\"twitter:card\" content=\"summary_large_image\" \/>\n<meta name=\"twitter:creator\" content=\"@CinemaPolitica\" \/>\n<meta name=\"twitter:site\" content=\"@CinemaPolitica\" \/>\n<meta name=\"twitter:label1\" content=\"\u00c9crit par\" \/>\n\t<meta name=\"twitter:data1\" content=\"Cinema Politica Network\" \/>\n\t<meta name=\"twitter:label2\" content=\"Estimation du temps de lecture\" \/>\n\t<meta name=\"twitter:data2\" content=\"5 minutes\" \/>\n<script type=\"application\/ld+json\" class=\"yoast-schema-graph\">{\"@context\":\"https:\/\/schema.org\",\"@graph\":[{\"@type\":\"Article\",\"@id\":\"https:\/\/www.cinemapolitica.org\/fr\/for-the-love-of-labour\/#article\",\"isPartOf\":{\"@id\":\"https:\/\/www.cinemapolitica.org\/fr\/for-the-love-of-labour\/\"},\"author\":{\"name\":\"Cinema Politica Network\",\"@id\":\"https:\/\/www.cinemapolitica.org\/fr\/#\/schema\/person\/e2fd7fcad70af74c0de2ed2bd2565ccd\"},\"headline\":\"For the Love of Labour!\",\"datePublished\":\"2026-04-27T20:52:12+00:00\",\"dateModified\":\"2026-04-27T20:52:13+00:00\",\"mainEntityOfPage\":{\"@id\":\"https:\/\/www.cinemapolitica.org\/fr\/for-the-love-of-labour\/\"},\"wordCount\":1074,\"publisher\":{\"@id\":\"https:\/\/www.cinemapolitica.org\/fr\/#organization\"},\"image\":{\"@id\":\"https:\/\/www.cinemapolitica.org\/fr\/for-the-love-of-labour\/#primaryimage\"},\"thumbnailUrl\":\"https:\/\/www.cinemapolitica.org\/wp-content\/uploads\/2026\/04\/THTF_still8_credit.Jed_.Brandt_300-1.jpg\",\"keywords\":[\"CINEMA POLITICA\",\"NOUVELLES PUBLICATIONS\",\"VOD\"],\"articleSection\":[\"Actualit\u00e9s\",\"Annonces\",\"Annonces du r\u00e9seau\",\"evenements speciaux\",\"Programmation\",\"Sur Demande\"],\"inLanguage\":\"fr-CA\"},{\"@type\":\"WebPage\",\"@id\":\"https:\/\/www.cinemapolitica.org\/fr\/for-the-love-of-labour\/\",\"url\":\"https:\/\/www.cinemapolitica.org\/fr\/for-the-love-of-labour\/\",\"name\":\"For the Love of Labour! - Cinema Politica\",\"isPartOf\":{\"@id\":\"https:\/\/www.cinemapolitica.org\/fr\/#website\"},\"primaryImageOfPage\":{\"@id\":\"https:\/\/www.cinemapolitica.org\/fr\/for-the-love-of-labour\/#primaryimage\"},\"image\":{\"@id\":\"https:\/\/www.cinemapolitica.org\/fr\/for-the-love-of-labour\/#primaryimage\"},\"thumbnailUrl\":\"https:\/\/www.cinemapolitica.org\/wp-content\/uploads\/2026\/04\/THTF_still8_credit.Jed_.Brandt_300-1.jpg\",\"datePublished\":\"2026-04-27T20:52:12+00:00\",\"dateModified\":\"2026-04-27T20:52:13+00:00\",\"description\":\"Alors que les forces fascistes montent en puissance \u00e0 travers le monde et s'efforcent d'\u00e9craser la classe ouvri\u00e8re et ses initiatives syndicales, nous vous invitons \u00e0 c\u00e9l\u00e9brer la Journ\u00e9e internationale des travailleurs en rendant hommage au travail des d\u00e9fenseurs des droits des travailleurs. Pour marquer l'occasion, nous avons concoct\u00e9 une s\u00e9lection de quatre documentaires incontournables sur le monde du travail.\",\"breadcrumb\":{\"@id\":\"https:\/\/www.cinemapolitica.org\/fr\/for-the-love-of-labour\/#breadcrumb\"},\"inLanguage\":\"fr-CA\",\"potentialAction\":[{\"@type\":\"ReadAction\",\"target\":[\"https:\/\/www.cinemapolitica.org\/fr\/for-the-love-of-labour\/\"]}]},{\"@type\":\"ImageObject\",\"inLanguage\":\"fr-CA\",\"@id\":\"https:\/\/www.cinemapolitica.org\/fr\/for-the-love-of-labour\/#primaryimage\",\"url\":\"https:\/\/www.cinemapolitica.org\/wp-content\/uploads\/2026\/04\/THTF_still8_credit.Jed_.Brandt_300-1.jpg\",\"contentUrl\":\"https:\/\/www.cinemapolitica.org\/wp-content\/uploads\/2026\/04\/THTF_still8_credit.Jed_.Brandt_300-1.jpg\",\"width\":1638,\"height\":1080},{\"@type\":\"BreadcrumbList\",\"@id\":\"https:\/\/www.cinemapolitica.org\/fr\/for-the-love-of-labour\/#breadcrumb\",\"itemListElement\":[{\"@type\":\"ListItem\",\"position\":1,\"name\":\"Home\",\"item\":\"https:\/\/www.cinemapolitica.org\/fr\/\"},{\"@type\":\"ListItem\",\"position\":2,\"name\":\"For the Love of Labour!\"}]},{\"@type\":\"WebSite\",\"@id\":\"https:\/\/www.cinemapolitica.org\/fr\/#website\",\"url\":\"https:\/\/www.cinemapolitica.org\/fr\/\",\"name\":\"Cinema Politica\",\"description\":\"Screening Truth to Power\",\"publisher\":{\"@id\":\"https:\/\/www.cinemapolitica.org\/fr\/#organization\"},\"potentialAction\":[{\"@type\":\"SearchAction\",\"target\":{\"@type\":\"EntryPoint\",\"urlTemplate\":\"https:\/\/www.cinemapolitica.org\/fr\/?s={search_term_string}\"},\"query-input\":{\"@type\":\"PropertyValueSpecification\",\"valueRequired\":true,\"valueName\":\"search_term_string\"}}],\"inLanguage\":\"fr-CA\"},{\"@type\":\"Organization\",\"@id\":\"https:\/\/www.cinemapolitica.org\/fr\/#organization\",\"name\":\"Cinema Politica\",\"url\":\"https:\/\/www.cinemapolitica.org\/fr\/\",\"logo\":{\"@type\":\"ImageObject\",\"inLanguage\":\"fr-CA\",\"@id\":\"https:\/\/www.cinemapolitica.org\/fr\/#\/schema\/logo\/image\/\",\"url\":\"https:\/\/www.cinemapolitica.org\/wp-content\/uploads\/2021\/05\/cp_web_image.jpeg\",\"contentUrl\":\"https:\/\/www.cinemapolitica.org\/wp-content\/uploads\/2021\/05\/cp_web_image.jpeg\",\"width\":639,\"height\":385,\"caption\":\"Cinema Politica\"},\"image\":{\"@id\":\"https:\/\/www.cinemapolitica.org\/fr\/#\/schema\/logo\/image\/\"},\"sameAs\":[\"https:\/\/www.facebook.com\/cinemapolitica\",\"https:\/\/x.com\/CinemaPolitica\",\"https:\/\/www.instagram.com\/cinema.politica\/\",\"https:\/\/www.youtube.com\/user\/CinemaPolitica\"]},{\"@type\":\"Person\",\"@id\":\"https:\/\/www.cinemapolitica.org\/fr\/#\/schema\/person\/e2fd7fcad70af74c0de2ed2bd2565ccd\",\"name\":\"Cinema Politica Network\"}]}<\/script>\n<!-- \/ Yoast SEO plugin. -->","yoast_head_json":{"title":"For the Love of Labour! - Cinema Politica","description":"Alors que les forces fascistes montent en puissance \u00e0 travers le monde et s'efforcent d'\u00e9craser la classe ouvri\u00e8re et ses initiatives syndicales, nous vous invitons \u00e0 c\u00e9l\u00e9brer la Journ\u00e9e internationale des travailleurs en rendant hommage au travail des d\u00e9fenseurs des droits des travailleurs. Pour marquer l'occasion, nous avons concoct\u00e9 une s\u00e9lection de quatre documentaires incontournables sur le monde du travail.","robots":{"index":"index","follow":"follow","max-snippet":"max-snippet:-1","max-image-preview":"max-image-preview:large","max-video-preview":"max-video-preview:-1"},"canonical":"https:\/\/www.cinemapolitica.org\/fr\/for-the-love-of-labour\/","og_locale":"fr_CA","og_type":"article","og_title":"For the Love of Labour! - Cinema Politica","og_description":"Alors que les forces fascistes montent en puissance \u00e0 travers le monde et s'efforcent d'\u00e9craser la classe ouvri\u00e8re et ses initiatives syndicales, nous vous invitons \u00e0 c\u00e9l\u00e9brer la Journ\u00e9e internationale des travailleurs en rendant hommage au travail des d\u00e9fenseurs des droits des travailleurs. Pour marquer l'occasion, nous avons concoct\u00e9 une s\u00e9lection de quatre documentaires incontournables sur le monde du travail.","og_url":"https:\/\/www.cinemapolitica.org\/fr\/for-the-love-of-labour\/","og_site_name":"Cinema Politica","article_publisher":"https:\/\/www.facebook.com\/cinemapolitica","article_published_time":"2026-04-27T20:52:12+00:00","article_modified_time":"2026-04-27T20:52:13+00:00","og_image":[{"width":1638,"height":1080,"url":"https:\/\/www.cinemapolitica.org\/wp-content\/uploads\/2026\/04\/THTF_still8_credit.Jed_.Brandt_300-1.jpg","type":"image\/jpeg"}],"author":"Cinema Politica Network","twitter_card":"summary_large_image","twitter_creator":"@CinemaPolitica","twitter_site":"@CinemaPolitica","twitter_misc":{"\u00c9crit par":"Cinema Politica Network","Estimation du temps de lecture":"5 minutes"},"schema":{"@context":"https:\/\/schema.org","@graph":[{"@type":"Article","@id":"https:\/\/www.cinemapolitica.org\/fr\/for-the-love-of-labour\/#article","isPartOf":{"@id":"https:\/\/www.cinemapolitica.org\/fr\/for-the-love-of-labour\/"},"author":{"name":"Cinema Politica Network","@id":"https:\/\/www.cinemapolitica.org\/fr\/#\/schema\/person\/e2fd7fcad70af74c0de2ed2bd2565ccd"},"headline":"For the Love of Labour!","datePublished":"2026-04-27T20:52:12+00:00","dateModified":"2026-04-27T20:52:13+00:00","mainEntityOfPage":{"@id":"https:\/\/www.cinemapolitica.org\/fr\/for-the-love-of-labour\/"},"wordCount":1074,"publisher":{"@id":"https:\/\/www.cinemapolitica.org\/fr\/#organization"},"image":{"@id":"https:\/\/www.cinemapolitica.org\/fr\/for-the-love-of-labour\/#primaryimage"},"thumbnailUrl":"https:\/\/www.cinemapolitica.org\/wp-content\/uploads\/2026\/04\/THTF_still8_credit.Jed_.Brandt_300-1.jpg","keywords":["CINEMA POLITICA","NOUVELLES PUBLICATIONS","VOD"],"articleSection":["Actualit\u00e9s","Annonces","Annonces du r\u00e9seau","evenements speciaux","Programmation","Sur Demande"],"inLanguage":"fr-CA"},{"@type":"WebPage","@id":"https:\/\/www.cinemapolitica.org\/fr\/for-the-love-of-labour\/","url":"https:\/\/www.cinemapolitica.org\/fr\/for-the-love-of-labour\/","name":"For the Love of Labour! - Cinema Politica","isPartOf":{"@id":"https:\/\/www.cinemapolitica.org\/fr\/#website"},"primaryImageOfPage":{"@id":"https:\/\/www.cinemapolitica.org\/fr\/for-the-love-of-labour\/#primaryimage"},"image":{"@id":"https:\/\/www.cinemapolitica.org\/fr\/for-the-love-of-labour\/#primaryimage"},"thumbnailUrl":"https:\/\/www.cinemapolitica.org\/wp-content\/uploads\/2026\/04\/THTF_still8_credit.Jed_.Brandt_300-1.jpg","datePublished":"2026-04-27T20:52:12+00:00","dateModified":"2026-04-27T20:52:13+00:00","description":"Alors que les forces fascistes montent en puissance \u00e0 travers le monde et s'efforcent d'\u00e9craser la classe ouvri\u00e8re et ses initiatives syndicales, nous vous invitons \u00e0 c\u00e9l\u00e9brer la Journ\u00e9e internationale des travailleurs en rendant hommage au travail des d\u00e9fenseurs des droits des travailleurs. Pour marquer l'occasion, nous avons concoct\u00e9 une s\u00e9lection de quatre documentaires incontournables sur le monde du travail.","breadcrumb":{"@id":"https:\/\/www.cinemapolitica.org\/fr\/for-the-love-of-labour\/#breadcrumb"},"inLanguage":"fr-CA","potentialAction":[{"@type":"ReadAction","target":["https:\/\/www.cinemapolitica.org\/fr\/for-the-love-of-labour\/"]}]},{"@type":"ImageObject","inLanguage":"fr-CA","@id":"https:\/\/www.cinemapolitica.org\/fr\/for-the-love-of-labour\/#primaryimage","url":"https:\/\/www.cinemapolitica.org\/wp-content\/uploads\/2026\/04\/THTF_still8_credit.Jed_.Brandt_300-1.jpg","contentUrl":"https:\/\/www.cinemapolitica.org\/wp-content\/uploads\/2026\/04\/THTF_still8_credit.Jed_.Brandt_300-1.jpg","width":1638,"height":1080},{"@type":"BreadcrumbList","@id":"https:\/\/www.cinemapolitica.org\/fr\/for-the-love-of-labour\/#breadcrumb","itemListElement":[{"@type":"ListItem","position":1,"name":"Home","item":"https:\/\/www.cinemapolitica.org\/fr\/"},{"@type":"ListItem","position":2,"name":"For the Love of Labour!"}]},{"@type":"WebSite","@id":"https:\/\/www.cinemapolitica.org\/fr\/#website","url":"https:\/\/www.cinemapolitica.org\/fr\/","name":"Cinema Politica","description":"Screening Truth to Power","publisher":{"@id":"https:\/\/www.cinemapolitica.org\/fr\/#organization"},"potentialAction":[{"@type":"SearchAction","target":{"@type":"EntryPoint","urlTemplate":"https:\/\/www.cinemapolitica.org\/fr\/?s={search_term_string}"},"query-input":{"@type":"PropertyValueSpecification","valueRequired":true,"valueName":"search_term_string"}}],"inLanguage":"fr-CA"},{"@type":"Organization","@id":"https:\/\/www.cinemapolitica.org\/fr\/#organization","name":"Cinema Politica","url":"https:\/\/www.cinemapolitica.org\/fr\/","logo":{"@type":"ImageObject","inLanguage":"fr-CA","@id":"https:\/\/www.cinemapolitica.org\/fr\/#\/schema\/logo\/image\/","url":"https:\/\/www.cinemapolitica.org\/wp-content\/uploads\/2021\/05\/cp_web_image.jpeg","contentUrl":"https:\/\/www.cinemapolitica.org\/wp-content\/uploads\/2021\/05\/cp_web_image.jpeg","width":639,"height":385,"caption":"Cinema Politica"},"image":{"@id":"https:\/\/www.cinemapolitica.org\/fr\/#\/schema\/logo\/image\/"},"sameAs":["https:\/\/www.facebook.com\/cinemapolitica","https:\/\/x.com\/CinemaPolitica","https:\/\/www.instagram.com\/cinema.politica\/","https:\/\/www.youtube.com\/user\/CinemaPolitica"]},{"@type":"Person","@id":"https:\/\/www.cinemapolitica.org\/fr\/#\/schema\/person\/e2fd7fcad70af74c0de2ed2bd2565ccd","name":"Cinema Politica Network"}]}},"_links":{"self":[{"href":"https:\/\/www.cinemapolitica.org\/fr\/wp-json\/wp\/v2\/posts\/56460","targetHints":{"allow":["GET"]}}],"collection":[{"href":"https:\/\/www.cinemapolitica.org\/fr\/wp-json\/wp\/v2\/posts"}],"about":[{"href":"https:\/\/www.cinemapolitica.org\/fr\/wp-json\/wp\/v2\/types\/post"}],"author":[{"embeddable":true,"href":"https:\/\/www.cinemapolitica.org\/fr\/wp-json\/wp\/v2\/users\/368"}],"replies":[{"embeddable":true,"href":"https:\/\/www.cinemapolitica.org\/fr\/wp-json\/wp\/v2\/comments?post=56460"}],"version-history":[{"count":1,"href":"https:\/\/www.cinemapolitica.org\/fr\/wp-json\/wp\/v2\/posts\/56460\/revisions"}],"predecessor-version":[{"id":56461,"href":"https:\/\/www.cinemapolitica.org\/fr\/wp-json\/wp\/v2\/posts\/56460\/revisions\/56461"}],"wp:featuredmedia":[{"embeddable":true,"href":"https:\/\/www.cinemapolitica.org\/fr\/wp-json\/wp\/v2\/media\/56459"}],"wp:attachment":[{"href":"https:\/\/www.cinemapolitica.org\/fr\/wp-json\/wp\/v2\/media?parent=56460"}],"wp:term":[{"taxonomy":"category","embeddable":true,"href":"https:\/\/www.cinemapolitica.org\/fr\/wp-json\/wp\/v2\/categories?post=56460"},{"taxonomy":"post_tag","embeddable":true,"href":"https:\/\/www.cinemapolitica.org\/fr\/wp-json\/wp\/v2\/tags?post=56460"}],"curies":[{"name":"wp","href":"https:\/\/api.w.org\/{rel}","templated":true}]}}